[{"@context":"https:\/\/schema.org\/","@type":"Article","@id":"https:\/\/www.serado.cz\/proc-mame-sidlo-firmy-v-praze\/#Article","mainEntityOfPage":"https:\/\/www.serado.cz\/proc-mame-sidlo-firmy-v-praze\/","headline":"Pro\u010d m\u00e1me s\u00eddlo firmy v Praze","name":"Pro\u010d m\u00e1me s\u00eddlo firmy v Praze","description":"Kdy\u017e se na ulici v mal\u00e9m m\u011bst\u011b potkaj\u00ed dva kamar\u00e1di a zajdou spolu do hospody na \u201ejedno to\u010den\u00e9\u201c nebo t\u0159eba na nealko miner\u00e1lku Magnesia s vysok\u00fdm obsahem ho\u0159\u010d\u00edku, a maj\u00ed si spolu co \u0159\u00edct, zapov\u00eddaj\u00ed se tu t\u0159eba na dlouh\u00e9 hodiny. Jeden z nich si v pr\u016fb\u011bhu rozhovoru post\u011b\u017euje, \u017ee m\u00e1 se sv\u00fdmi sousedy vysloven\u00e9...","datePublished":"2024-10-11","dateModified":"2024-10-11","author":{"@type":"Person","@id":"https:\/\/www.serado.cz\/author\/#Person","name":"","url":"https:\/\/www.serado.cz\/author\/","identifier":1,"image":{"@type":"ImageObject","@id":"https:\/\/secure.gravatar.com\/avatar\/d7705a23c50ede72936119380238a88bdeb91030521f9262dc3abc6fdd8add33?s=96&d=mm&r=g","url":"https:\/\/secure.gravatar.com\/avatar\/d7705a23c50ede72936119380238a88bdeb91030521f9262dc3abc6fdd8add33?s=96&d=mm&r=g","height":96,"width":96}},"publisher":{"@type":"Organization","name":"serado.cz","logo":{"@type":"ImageObject","@id":"\/logo.png","url":"\/logo.png","width":600,"height":60}},"image":{"@type":"ImageObject","@id":"https:\/\/www.serado.cz\/wp-content\/uploads\/cathedral-102984_640.jpg","url":"https:\/\/www.serado.cz\/wp-content\/uploads\/cathedral-102984_640.jpg","height":0,"width":0},"url":"https:\/\/www.serado.cz\/proc-mame-sidlo-firmy-v-praze\/","about":["Business"],"wordCount":407,"articleBody":"      Kdy\u017e se na ulici v mal\u00e9m m\u011bst\u011b potkaj\u00ed dva kamar\u00e1di a zajdou spolu do hospody na \u201ejedno to\u010den\u00e9\u201c nebo t\u0159eba na nealko miner\u00e1lku Magnesia s vysok\u00fdm obsahem ho\u0159\u010d\u00edku, a maj\u00ed si spolu co \u0159\u00edct, zapov\u00eddaj\u00ed se tu t\u0159eba na dlouh\u00e9 hodiny. Jeden z nich si v pr\u016fb\u011bhu rozhovoru post\u011b\u017euje, \u017ee m\u00e1 se sv\u00fdmi sousedy vysloven\u00e9 peklo, proto\u017ee od t\u00e9 doby, co o sob\u011b prozradil, jak \u00fasp\u011b\u0161n\u011b podnik\u00e1, soused\u00e9 mu vyv\u00e1d\u00ed r\u016fzn\u00e9 naschv\u00e1ly. Nap\u0159\u00edklad v zim\u011b z\u00e1m\u011brn\u011b v noci pokrop\u00ed chodn\u00edk vodou, aby se tu vytvo\u0159ila souvisl\u00e1 ledov\u00e1 plocha, zal\u00e9vaj\u00ed potaj\u00ed jeho okrasn\u00e9 rostliny za plotem kyselinou a prov\u00e1d\u00ed dal\u0161\u00ed podobn\u00e9 nep\u0159\u00edjemnosti, co tak\u0159ka neumo\u017e\u0148uj\u00ed odhalit prav\u00e9ho pachatele.P\u0159\u00ed\u010dinou takov\u00e9ho patologick\u00e9ho chov\u00e1n\u00ed je docela oby\u010dejn\u00e1 z\u00e1vist, ov\u0161em moud\u0159\u00ed lid\u00e9 by si v takov\u00e9 situaci v\u011bd\u011bli rady. Jakmile se to jeho kamar\u00e1d v hospod\u011b dozv\u00ed, navrhne vhodn\u00e9 \u0159e\u0161en\u00ed, kter\u00e9 praktikuje on s\u00e1m. On se tak\u00e9 rozhodl podnikat, ale byl si v\u011bdom, \u017ee lidem kolem sebe je lep\u0161\u00ed rad\u011bji nic nevykl\u00e1dat o sv\u00e9m soukrom\u00ed, a tak si ihned z\u0159\u00eddil s\u00eddlo firmy profisidla.cz v Praze. Praha je veskrze anonymn\u00ed prost\u0159ed\u00ed, nikdo v\u00e1s tam nezn\u00e1 a nem\u016f\u017ee se tud\u00ed\u017e ani vyjad\u0159ovat k va\u0161emu podnik\u00e1n\u00ed. P\u0159esto\u017ee tu tak\u00e9 \u017eij\u00ed z\u00e1vistiv\u00ed lid\u00e9, nikdo z nich v\u00e1s v\u0161ak nem\u016f\u017ee bezprost\u0159edn\u011b ohrozit, proto\u017ee o v\u00e1s nev\u00ed zhola nic. A kde nejsou \u017e\u00e1dn\u00e1 data, z\u00e1vist splaskne jako m\u00fddlov\u00e1 bublina. Nekrmte z\u00e1vistiv\u00e9 lidi kolem sebe a o sv\u00e9m soukrom\u00ed se sv\u011b\u0159ujte jen vlastn\u00ed rodin\u011b a dal\u0161\u00edm lidem, co jim skute\u010dn\u011b d\u016fv\u011b\u0159ujete (i kdy\u017e i v rodin\u011b mohou b\u00fdt z\u00e1vistivci, tak bu\u010fte proz\u00edrav\u00ed a pou\u017e\u00edvejte vlastn\u00ed selsk\u00fd rozum). N\u011bkter\u00e1 s\u00eddla v Praze maj\u00ed k dispozici i zasedac\u00ed m\u00edstnost, tak\u017ee si tu m\u016f\u017eete pohodln\u011b vy\u0159\u00eddit ve\u0161kerou administrativn\u00ed agendu a p\u0159\u00edpadn\u011b vyu\u017e\u00edt Prahu jako m\u00edsto k aktivn\u00edmu odpo\u010dinku a k posezen\u00ed v n\u011bkter\u00e9 z mnoha m\u00edstn\u00edch restaurac\u00ed. Doporu\u010dujeme v\u00e1m zaj\u00edt na Pet\u0159\u00edn a projet se na kole nap\u0159\u00ed\u010d Divokou \u0160\u00e1rkou, stoj\u00ed to za to.                                                                                                                                                                                                                                                                                                                                                                                                  "},{"@context":"https:\/\/schema.org\/","@type":"BreadcrumbList","itemListElement":[{"@type":"ListItem","position":1,"name":"Pro\u010d m\u00e1me s\u00eddlo firmy v Praze","item":"https:\/\/www.serado.cz\/proc-mame-sidlo-firmy-v-praze\/#breadcrumbitem"}]}]